{"id":26643,"date":"2026-02-10T16:20:17","date_gmt":"2026-02-10T14:20:17","guid":{"rendered":"https:\/\/agenzia.bg\/?p=26643"},"modified":"2026-02-24T23:29:31","modified_gmt":"2026-02-24T21:29:31","slug":"comment-gene-avec-promenq-pazara-sur-non-two-imoti","status":"publish","type":"post","link":"https:\/\/agenzia.bg\/fr\/comment-gene-avec-promenq-pazara-sur-non-two-imoti\/","title":{"rendered":"Comment la g\u00e9n\u00e9ration Z modifie le march\u00e9 immobilier en Bulgarie"},"content":{"rendered":"<div class=\"wp-block-image\">\n<figure class=\"aligncenter size-full\"><a href=\"https:\/\/agenzia.bg\/wp-content\/uploads\/2026\/02\/6410eb0c9aa2e6001956efcf-1.webp\"><img fetchpriority=\"high\" decoding=\"async\" width=\"700\" height=\"350\" src=\"https:\/\/agenzia.bg\/wp-content\/uploads\/2026\/02\/6410eb0c9aa2e6001956efcf-1.webp\" alt=\"Comment la g\u00e9n\u00e9ration Z influence le march\u00e9 immobilier en Bulgarie et en Europe\" class=\"wp-image-26662\" srcset=\"https:\/\/agenzia.bg\/wp-content\/uploads\/2026\/02\/6410eb0c9aa2e6001956efcf-1.webp 700w, https:\/\/agenzia.bg\/wp-content\/uploads\/2026\/02\/6410eb0c9aa2e6001956efcf-1-300x150.webp 300w, https:\/\/agenzia.bg\/wp-content\/uploads\/2026\/02\/6410eb0c9aa2e6001956efcf-1-18x9.webp 18w, https:\/\/agenzia.bg\/wp-content\/uploads\/2026\/02\/6410eb0c9aa2e6001956efcf-1-120x60.webp 120w\" sizes=\"(max-width: 700px) 100vw, 700px\" \/><\/a><\/figure>\n<\/div>\n\n\n<p><br>La g\u00e9n\u00e9ration Z, n\u00e9e en gros entre 1997 et 2012, devient progressivement un facteur de plus en plus visible sur le march\u00e9 de l'immobilier. Bien que nombre de ses membres n'en soient qu'aux premiers stades de leur ind\u00e9pendance financi\u00e8re, leurs pr\u00e9f\u00e9rences influencent d\u00e9j\u00e0 la mani\u00e8re dont les logements sont recherch\u00e9s, commercialis\u00e9s et per\u00e7us - tant pour la location que pour l'achat.<\/p>\n\n\n\n<p>Contrairement aux g\u00e9n\u00e9rations pr\u00e9c\u00e9dentes, la g\u00e9n\u00e9ration Z aborde le march\u00e9 immobilier de mani\u00e8re plus pragmatique, plus inform\u00e9e et nettement plus r\u00e9fl\u00e9chie. Pour eux, un logement ne se r\u00e9sume pas \u00e0 une superficie, mais \u00e0 un cadre de vie qui doit s'adapter \u00e0 leur mode de travail, \u00e0 leur vie sociale et \u00e0 leur mobilit\u00e9.<\/p>\n\n\n\n<p><strong>La location est une premi\u00e8re \u00e9tape et non un compromis<\/strong><\/p>\n\n\n\n<p>Les donn\u00e9es pour la Bulgarie et l'Europe montrent clairement que la g\u00e9n\u00e9ration Z commence plus souvent son parcours ind\u00e9pendant sur le march\u00e9 de l'immobilier en tant que locataire. Plus de 60% des millennials et de la g\u00e9n\u00e9ration Z pr\u00e9f\u00e8rent louer plut\u00f4t qu'acheter dans les premi\u00e8res ann\u00e9es qui suivent leur entr\u00e9e sur le march\u00e9.<\/p>\n\n\n\n<p>Cela ne signifie pas pour autant un renoncement \u00e0 la propri\u00e9t\u00e9. La location est plut\u00f4t consid\u00e9r\u00e9e comme une \u00e9tape strat\u00e9gique, un moyen de tester un quartier, un mode de vie ou une ville sans engagement financier \u00e0 long terme. La flexibilit\u00e9 est une valeur cl\u00e9 pour cette g\u00e9n\u00e9ration, en particulier dans le contexte d'un march\u00e9 du travail dynamique, du t\u00e9l\u00e9travail et de changements de carri\u00e8re fr\u00e9quents.<\/p>\n\n\n\n<p><strong>Lorsque vous achetez, achetez en connaissance de cause<\/strong><\/p>\n\n\n<div class=\"wp-block-image\">\n<figure class=\"aligncenter size-full\"><a href=\"https:\/\/agenzia.bg\/wp-content\/uploads\/2026\/02\/Gen-Z-buying-real-estate-.jpg\"><img decoding=\"async\" width=\"680\" height=\"382\" src=\"https:\/\/agenzia.bg\/wp-content\/uploads\/2026\/02\/Gen-Z-buying-real-estate-.jpg\" alt=\"La g\u00e9n\u00e9ration Z influence le secteur immobilier \u00e0 Sofia, march\u00e9 immobilier et tendances\" class=\"wp-image-26664\" srcset=\"https:\/\/agenzia.bg\/wp-content\/uploads\/2026\/02\/Gen-Z-buying-real-estate-.jpg 680w, https:\/\/agenzia.bg\/wp-content\/uploads\/2026\/02\/Gen-Z-buying-real-estate--300x169.jpg 300w, https:\/\/agenzia.bg\/wp-content\/uploads\/2026\/02\/Gen-Z-buying-real-estate--18x10.jpg 18w, https:\/\/agenzia.bg\/wp-content\/uploads\/2026\/02\/Gen-Z-buying-real-estate--255x143.jpg 255w, https:\/\/agenzia.bg\/wp-content\/uploads\/2026\/02\/Gen-Z-buying-real-estate--120x67.jpg 120w\" sizes=\"(max-width: 680px) 100vw, 680px\" \/><\/a><\/figure>\n<\/div>\n\n\n<p><br>Lorsque la g\u00e9n\u00e9ration Z d\u00e9cide de passer \u00e0 l'achat d'un bien immobilier, l'approche est nettement plus exigeante. Les donn\u00e9es internationales montrent que les jeunes acheteurs passent plus de temps \u00e0 faire des recherches en ligne, \u00e0 comparer activement les offres, \u00e0 analyser la valeur \u00e0 long terme d'un bien immobilier et attendent souvent de b\u00e9n\u00e9ficier d'une stabilit\u00e9 et d'une s\u00e9curit\u00e9 financi\u00e8res.<\/p>\n\n\n\n<p>Ils ach\u00e8tent rarement sur un coup de t\u00eate. Pour eux, l'achat d'une maison est un investissement \u00e0 long terme - tant sur le plan financier que dans la vie.<\/p>\n\n\n\n<p><strong>Quelles sont les propri\u00e9t\u00e9s pr\u00e9f\u00e9r\u00e9es de la g\u00e9n\u00e9ration Z ?<\/strong><\/p>\n\n\n\n<p>L'une des tendances les plus marqu\u00e9es est la pr\u00e9f\u00e9rence pour des logements plus petits mais fonctionnels. La g\u00e9n\u00e9ration Z recherche rarement de grands appartements avec une surface excessive. Elle privil\u00e9gie plut\u00f4t les espaces compacts et bien organis\u00e9s - le plus souvent une ou deux chambres - qui sont faciles \u00e0 entretenir, \u00e9conomes en \u00e9nergie et adapt\u00e9s \u00e0 la fois \u00e0 l'habitation et \u00e0 la location.<\/p>\n\n\n\n<p>Selon des \u00e9tudes internationales, les premi\u00e8res maisons des jeunes acheteurs ont g\u00e9n\u00e9ralement une superficie comprise entre 40 et 75 m\u00e8tres carr\u00e9s. Cela permet un prix plus abordable, des co\u00fbts mensuels moins \u00e9lev\u00e9s et une plus grande flexibilit\u00e9 pour l'avenir.<\/p>\n\n\n\n<p><strong>L'emplacement est plus important que la superficie<\/strong><\/p>\n\n\n\n<p>La caract\u00e9ristique la plus marquante du comportement de la g\u00e9n\u00e9ration Z sur le march\u00e9 de l'immobilier est la priorit\u00e9 donn\u00e9e \u00e0 l'emplacement. Cette g\u00e9n\u00e9ration est pr\u00eate \u00e0 faire des compromis sur la superficie, mais pas sur l'emplacement.<\/p>\n\n\n\n<p>La proximit\u00e9 du travail, des universit\u00e9s, des transports publics, des espaces sociaux et des infrastructures urbaines est cruciale. En Bulgarie, cela se traduit clairement par une pr\u00e9f\u00e9rence pour les quartiers centraux et bien reli\u00e9s dans les grandes villes - des zones qui offrent une vie urbaine active et une commodit\u00e9 dans la vie de tous les jours.<\/p>\n\n\n\n<p>Pour la g\u00e9n\u00e9ration Z, la maison fait partie d'un \u00e9cosyst\u00e8me plus large. Ils ach\u00e8tent et louent un style de vie, pas seulement une maison.<\/p>\n\n\n\n<p><strong>Le chemin num\u00e9rique vers la propri\u00e9t\u00e9<\/strong><\/p>\n\n\n<div class=\"wp-block-image\">\n<figure class=\"aligncenter size-full\"><a href=\"https:\/\/agenzia.bg\/wp-content\/uploads\/2026\/02\/62f57982306b6300192a8135.webp\"><img decoding=\"async\" width=\"700\" height=\"467\" src=\"https:\/\/agenzia.bg\/wp-content\/uploads\/2026\/02\/62f57982306b6300192a8135.webp\" alt=\"Propri\u00e9t\u00e9 Sofia \" class=\"wp-image-26663\" srcset=\"https:\/\/agenzia.bg\/wp-content\/uploads\/2026\/02\/62f57982306b6300192a8135.webp 700w, https:\/\/agenzia.bg\/wp-content\/uploads\/2026\/02\/62f57982306b6300192a8135-300x200.webp 300w, https:\/\/agenzia.bg\/wp-content\/uploads\/2026\/02\/62f57982306b6300192a8135-18x12.webp 18w, https:\/\/agenzia.bg\/wp-content\/uploads\/2026\/02\/62f57982306b6300192a8135-120x80.webp 120w, https:\/\/agenzia.bg\/wp-content\/uploads\/2026\/02\/62f57982306b6300192a8135-105x70.webp 105w\" sizes=\"(max-width: 700px) 100vw, 700px\" \/><\/a><\/figure>\n<\/div>\n\n\n<p><br>La fa\u00e7on dont la g\u00e9n\u00e9ration Z recherche des biens immobiliers modifie \u00e9galement le march\u00e9. Les plateformes en ligne, les visites virtuelles, les vid\u00e9os, les aper\u00e7us d\u00e9taill\u00e9s et l'acc\u00e8s rapide aux informations ne sont pas seulement une commodit\u00e9, mais une norme attendue.<\/p>\n\n\n\n<p>Les entreprises du secteur qui souhaitent atteindre ce public doivent proposer un processus clair, num\u00e9rique et transparent, de la premi\u00e8re recherche \u00e0 la d\u00e9cision finale.<\/p>\n\n\n\n<p><strong>Quelles sont les cons\u00e9quences pour le march\u00e9 immobilier en Bulgarie ?<\/strong><\/p>\n\n\n\n<p>Bien que la g\u00e9n\u00e9ration Z ne soit pas encore le groupe d'acheteurs dominant, son influence se fait d\u00e9j\u00e0 sentir. La demande de logements bien situ\u00e9s, fonctionnels et \u00e9conomes en \u00e9nergie augmente. Le march\u00e9 de la location reste essentiel et les achats sont planifi\u00e9s avec plus de soin et de strat\u00e9gie.<\/p>\n\n\n\n<p>Ces tendances montrent clairement que l'avenir du secteur immobilier repose sur la qualit\u00e9 de vie, la flexibilit\u00e9 et l'adaptation aux nouvelles attitudes des consommateurs.<\/p>","protected":false},"excerpt":{"rendered":"<p>\u041f\u043e\u043a\u043e\u043b\u0435\u043d\u0438\u0435\u0442\u043e Gen Z, \u0440\u043e\u0434\u0435\u043d\u043e \u043f\u0440\u0438\u0431\u043b\u0438\u0437\u0438\u0442\u0435\u043b\u043d\u043e \u043c\u0435\u0436\u0434\u0443 1997 \u0438 2012 \u0433., \u043f\u043e\u0441\u0442\u0435\u043f\u0435\u043d\u043d\u043e \u0441\u0435 \u043f\u0440\u0435\u0432\u0440\u044a\u0449\u0430 \u0432\u044a\u0432 \u0432\u0441\u0435 \u043f\u043e-\u043e\u0441\u0435\u0437\u0430\u0435\u043c \u0444\u0430\u043a\u0442\u043e\u0440 \u043d\u0430 \u043f\u0430\u0437\u0430\u0440\u0430 \u043d\u0430 \u043d\u0435\u0434\u0432\u0438\u0436\u0438\u043c\u0438 \u0438\u043c\u043e\u0442\u0438. \u041c\u0430\u043a\u0430\u0440 \u043c\u043d\u043e\u0433\u043e \u043e\u0442 \u043f\u0440\u0435\u0434\u0441\u0442\u0430\u0432\u0438\u0442\u0435\u043b\u0438\u0442\u0435 \u043c\u0443 \u0432\u0441\u0435 \u043e\u0449\u0435 \u0434\u0430 \u0441\u0430 \u0432 \u0440\u0430\u043d\u043d\u0438\u0442\u0435 \u0435\u0442\u0430\u043f\u0438 \u043d\u0430 \u0441\u0432\u043e\u044f\u0442\u0430 \u0444\u0438\u043d\u0430\u043d\u0441\u043e\u0432\u0430 \u043d\u0435\u0437\u0430\u0432\u0438\u0441\u0438\u043c\u043e\u0441\u0442, \u0442\u0435\u0445\u043d\u0438\u0442\u0435 \u043f\u0440\u0435\u0434\u043f\u043e\u0447\u0438\u0442\u0430\u043d\u0438\u044f \u0432\u0435\u0447\u0435 \u0432\u043b\u0438\u044f\u044f\u0442 \u0432\u044a\u0440\u0445\u0443 \u0442\u043e\u0432\u0430 \u043a\u0430\u043a \u0441\u0435 \u0442\u044a\u0440\u0441\u044f\u0442, \u043f\u0440\u0435\u0434\u043b\u0430\u0433\u0430\u0442 \u0438 \u0432\u044a\u0437\u043f\u0440\u0438\u0435\u043c\u0430\u0442 \u0436\u0438\u043b\u0438\u0449\u0430\u0442\u0430 &#8211; \u043a\u0430\u043a\u0442\u043e \u0437\u0430 \u043d\u0430\u0435\u043c, \u0442\u0430\u043a\u0430 \u0438 \u0437\u0430 \u043f\u043e\u043a\u0443\u043f\u043a\u0430. \u0417\u0430 \u0440\u0430\u0437\u043b\u0438\u043a\u0430 \u043e\u0442 \u043f\u0440\u0435\u0434\u0438\u0448\u043d\u0438 \u043f\u043e\u043a\u043e\u043b\u0435\u043d\u0438\u044f, &#8230;<\/p>","protected":false},"author":3,"featured_media":26660,"comment_status":"open","ping_status":"open","sticky":false,"template":"","format":"standard","meta":{"_acf_changed":false,"inline_featured_image":false,"footnotes":""},"categories":[1],"tags":[3868,3870,3873,3874],"class_list":["post-26643","post","type-post","status-publish","format-standard","has-post-thumbnail","hentry","category-1","tag-3868","tag-3870","tag-gen-z","tag-3874"],"acf":[],"yoast_head":"<!-- This site is optimized with the Yoast SEO Premium plugin v25.1 (Yoast SEO v27.4) - https:\/\/yoast.com\/product\/yoast-seo-premium-wordpress\/ -->\n<title>\u041a\u0430\u043a Gen Z \u043f\u0440\u043e\u043c\u0435\u043d\u044f \u043f\u0430\u0437\u0430\u0440\u0430 \u043d\u0430 \u043d\u0435\u0434\u0432\u0438\u0436\u0438\u043c\u0438 \u0438\u043c\u043e\u0442\u0438 \u0432 \u0411\u044a\u043b\u0433\u0430\u0440\u0438\u044f - agenzia.bg<\/title>\n<meta name=\"robots\" content=\"index, follow, max-snippet:-1, max-image-preview:large, max-video-preview:-1\" \/>\n<link rel=\"canonical\" href=\"https:\/\/agenzia.bg\/fr\/comment-gene-avec-promenq-pazara-sur-non-two-imoti\/\" \/>\n<meta property=\"og:locale\" content=\"fr_FR\" \/>\n<meta property=\"og:type\" content=\"article\" \/>\n<meta property=\"og:title\" content=\"\u041a\u0430\u043a Gen Z \u043f\u0440\u043e\u043c\u0435\u043d\u044f \u043f\u0430\u0437\u0430\u0440\u0430 \u043d\u0430 \u043d\u0435\u0434\u0432\u0438\u0436\u0438\u043c\u0438 \u0438\u043c\u043e\u0442\u0438 \u0432 \u0411\u044a\u043b\u0433\u0430\u0440\u0438\u044f\" \/>\n<meta property=\"og:description\" content=\"\u041f\u043e\u043a\u043e\u043b\u0435\u043d\u0438\u0435\u0442\u043e Gen Z, \u0440\u043e\u0434\u0435\u043d\u043e \u043f\u0440\u0438\u0431\u043b\u0438\u0437\u0438\u0442\u0435\u043b\u043d\u043e \u043c\u0435\u0436\u0434\u0443 1997 \u0438 2012 \u0433., \u043f\u043e\u0441\u0442\u0435\u043f\u0435\u043d\u043d\u043e \u0441\u0435 \u043f\u0440\u0435\u0432\u0440\u044a\u0449\u0430 \u0432\u044a\u0432 \u0432\u0441\u0435 \u043f\u043e-\u043e\u0441\u0435\u0437\u0430\u0435\u043c \u0444\u0430\u043a\u0442\u043e\u0440 \u043d\u0430 \u043f\u0430\u0437\u0430\u0440\u0430 \u043d\u0430 \u043d\u0435\u0434\u0432\u0438\u0436\u0438\u043c\u0438 \u0438\u043c\u043e\u0442\u0438. \u041c\u0430\u043a\u0430\u0440 \u043c\u043d\u043e\u0433\u043e \u043e\u0442 \u043f\u0440\u0435\u0434\u0441\u0442\u0430\u0432\u0438\u0442\u0435\u043b\u0438\u0442\u0435 \u043c\u0443 \u0432\u0441\u0435 \u043e\u0449\u0435 \u0434\u0430 \u0441\u0430 \u0432 \u0440\u0430\u043d\u043d\u0438\u0442\u0435 \u0435\u0442\u0430\u043f\u0438 \u043d\u0430 \u0441\u0432\u043e\u044f\u0442\u0430 \u0444\u0438\u043d\u0430\u043d\u0441\u043e\u0432\u0430 \u043d\u0435\u0437\u0430\u0432\u0438\u0441\u0438\u043c\u043e\u0441\u0442, \u0442\u0435\u0445\u043d\u0438\u0442\u0435 \u043f\u0440\u0435\u0434\u043f\u043e\u0447\u0438\u0442\u0430\u043d\u0438\u044f \u0432\u0435\u0447\u0435 \u0432\u043b\u0438\u044f\u044f\u0442 \u0432\u044a\u0440\u0445\u0443 \u0442\u043e\u0432\u0430 \u043a\u0430\u043a \u0441\u0435 \u0442\u044a\u0440\u0441\u044f\u0442, \u043f\u0440\u0435\u0434\u043b\u0430\u0433\u0430\u0442 \u0438 \u0432\u044a\u0437\u043f\u0440\u0438\u0435\u043c\u0430\u0442 \u0436\u0438\u043b\u0438\u0449\u0430\u0442\u0430 &#8211; \u043a\u0430\u043a\u0442\u043e \u0437\u0430 \u043d\u0430\u0435\u043c, \u0442\u0430\u043a\u0430 \u0438 \u0437\u0430 \u043f\u043e\u043a\u0443\u043f\u043a\u0430. \u0417\u0430 \u0440\u0430\u0437\u043b\u0438\u043a\u0430 \u043e\u0442 \u043f\u0440\u0435\u0434\u0438\u0448\u043d\u0438 \u043f\u043e\u043a\u043e\u043b\u0435\u043d\u0438\u044f, ...\" \/>\n<meta property=\"og:url\" content=\"https:\/\/agenzia.bg\/fr\/comment-gene-avec-promenq-pazara-sur-non-two-imoti\/\" \/>\n<meta property=\"og:site_name\" content=\"agenzia.bg\" \/>\n<meta property=\"article:published_time\" content=\"2026-02-10T14:20:17+00:00\" \/>\n<meta property=\"article:modified_time\" content=\"2026-02-24T21:29:31+00:00\" \/>\n<meta property=\"og:image\" content=\"https:\/\/agenzia.bg\/wp-content\/uploads\/2026\/02\/6410eb0c9aa2e6001956efcf.webp\" \/>\n\t<meta property=\"og:image:width\" content=\"700\" \/>\n\t<meta property=\"og:image:height\" content=\"350\" \/>\n\t<meta property=\"og:image:type\" content=\"image\/webp\" \/>\n<meta name=\"author\" content=\"Agenzia\" \/>\n<meta name=\"twitter:card\" content=\"summary_large_image\" \/>\n<meta name=\"twitter:label1\" content=\"\u00c9crit par\" \/>\n\t<meta name=\"twitter:data1\" content=\"Agenzia\" \/>\n\t<meta name=\"twitter:label2\" content=\"Dur\u00e9e de lecture estim\u00e9e\" \/>\n\t<meta name=\"twitter:data2\" content=\"4 minutes\" \/>\n<script type=\"application\/ld+json\" class=\"yoast-schema-graph\">{\"@context\":\"https:\\\/\\\/schema.org\",\"@graph\":[{\"@type\":\"Article\",\"@id\":\"https:\\\/\\\/agenzia.bg\\\/kak-gen-z-promenq-pazara-na-nedvijimi-imoti\\\/#article\",\"isPartOf\":{\"@id\":\"https:\\\/\\\/agenzia.bg\\\/kak-gen-z-promenq-pazara-na-nedvijimi-imoti\\\/\"},\"author\":{\"name\":\"Agenzia\",\"@id\":\"https:\\\/\\\/agenzia.bg\\\/#\\\/schema\\\/person\\\/1430dc9f14d9f07f3f4b3a7c2525abd7\"},\"headline\":\"\u041a\u0430\u043a Gen Z \u043f\u0440\u043e\u043c\u0435\u043d\u044f \u043f\u0430\u0437\u0430\u0440\u0430 \u043d\u0430 \u043d\u0435\u0434\u0432\u0438\u0436\u0438\u043c\u0438 \u0438\u043c\u043e\u0442\u0438 \u0432 \u0411\u044a\u043b\u0433\u0430\u0440\u0438\u044f\",\"datePublished\":\"2026-02-10T14:20:17+00:00\",\"dateModified\":\"2026-02-24T21:29:31+00:00\",\"mainEntityOfPage\":{\"@id\":\"https:\\\/\\\/agenzia.bg\\\/kak-gen-z-promenq-pazara-na-nedvijimi-imoti\\\/\"},\"wordCount\":577,\"commentCount\":0,\"image\":{\"@id\":\"https:\\\/\\\/agenzia.bg\\\/kak-gen-z-promenq-pazara-na-nedvijimi-imoti\\\/#primaryimage\"},\"thumbnailUrl\":\"https:\\\/\\\/agenzia.bg\\\/wp-content\\\/uploads\\\/2026\\\/02\\\/6410eb0c9aa2e6001956efcf.webp\",\"keywords\":[\"\u0438\u043c\u043e\u0442\u0438\",\"\u041f\u043e\u043a\u043e\u043b\u0435\u043d\u0438\u0435\",\"Gen Z\",\"\u0412\u043b\u0438\u044f\u043d\u0438\u0435\"],\"articleSection\":[\"\u0418\u043c\u043e\u0442\u0438\"],\"inLanguage\":\"fr-FR\",\"potentialAction\":[{\"@type\":\"CommentAction\",\"name\":\"Comment\",\"target\":[\"https:\\\/\\\/agenzia.bg\\\/kak-gen-z-promenq-pazara-na-nedvijimi-imoti\\\/#respond\"]}]},{\"@type\":\"WebPage\",\"@id\":\"https:\\\/\\\/agenzia.bg\\\/kak-gen-z-promenq-pazara-na-nedvijimi-imoti\\\/\",\"url\":\"https:\\\/\\\/agenzia.bg\\\/kak-gen-z-promenq-pazara-na-nedvijimi-imoti\\\/\",\"name\":\"\u041a\u0430\u043a Gen Z \u043f\u0440\u043e\u043c\u0435\u043d\u044f \u043f\u0430\u0437\u0430\u0440\u0430 \u043d\u0430 \u043d\u0435\u0434\u0432\u0438\u0436\u0438\u043c\u0438 \u0438\u043c\u043e\u0442\u0438 \u0432 \u0411\u044a\u043b\u0433\u0430\u0440\u0438\u044f - agenzia.bg\",\"isPartOf\":{\"@id\":\"https:\\\/\\\/agenzia.bg\\\/#website\"},\"primaryImageOfPage\":{\"@id\":\"https:\\\/\\\/agenzia.bg\\\/kak-gen-z-promenq-pazara-na-nedvijimi-imoti\\\/#primaryimage\"},\"image\":{\"@id\":\"https:\\\/\\\/agenzia.bg\\\/kak-gen-z-promenq-pazara-na-nedvijimi-imoti\\\/#primaryimage\"},\"thumbnailUrl\":\"https:\\\/\\\/agenzia.bg\\\/wp-content\\\/uploads\\\/2026\\\/02\\\/6410eb0c9aa2e6001956efcf.webp\",\"datePublished\":\"2026-02-10T14:20:17+00:00\",\"dateModified\":\"2026-02-24T21:29:31+00:00\",\"author\":{\"@id\":\"https:\\\/\\\/agenzia.bg\\\/#\\\/schema\\\/person\\\/1430dc9f14d9f07f3f4b3a7c2525abd7\"},\"breadcrumb\":{\"@id\":\"https:\\\/\\\/agenzia.bg\\\/kak-gen-z-promenq-pazara-na-nedvijimi-imoti\\\/#breadcrumb\"},\"inLanguage\":\"fr-FR\",\"potentialAction\":[{\"@type\":\"ReadAction\",\"target\":[\"https:\\\/\\\/agenzia.bg\\\/kak-gen-z-promenq-pazara-na-nedvijimi-imoti\\\/\"]}]},{\"@type\":\"ImageObject\",\"inLanguage\":\"fr-FR\",\"@id\":\"https:\\\/\\\/agenzia.bg\\\/kak-gen-z-promenq-pazara-na-nedvijimi-imoti\\\/#primaryimage\",\"url\":\"https:\\\/\\\/agenzia.bg\\\/wp-content\\\/uploads\\\/2026\\\/02\\\/6410eb0c9aa2e6001956efcf.webp\",\"contentUrl\":\"https:\\\/\\\/agenzia.bg\\\/wp-content\\\/uploads\\\/2026\\\/02\\\/6410eb0c9aa2e6001956efcf.webp\",\"width\":700,\"height\":350,\"caption\":\"Gen Z \u0438 \u0438\u043c\u043e\u0442\u043d\u0438\u044f \u043f\u0430\u0437\u0430\u0440\"},{\"@type\":\"BreadcrumbList\",\"@id\":\"https:\\\/\\\/agenzia.bg\\\/kak-gen-z-promenq-pazara-na-nedvijimi-imoti\\\/#breadcrumb\",\"itemListElement\":[{\"@type\":\"ListItem\",\"position\":1,\"name\":\"Home\",\"item\":\"https:\\\/\\\/agenzia.bg\\\/\"},{\"@type\":\"ListItem\",\"position\":2,\"name\":\"\u041a\u0430\u043a Gen Z \u043f\u0440\u043e\u043c\u0435\u043d\u044f \u043f\u0430\u0437\u0430\u0440\u0430 \u043d\u0430 \u043d\u0435\u0434\u0432\u0438\u0436\u0438\u043c\u0438 \u0438\u043c\u043e\u0442\u0438 \u0432 \u0411\u044a\u043b\u0433\u0430\u0440\u0438\u044f\"}]},{\"@type\":\"WebSite\",\"@id\":\"https:\\\/\\\/agenzia.bg\\\/#website\",\"url\":\"https:\\\/\\\/agenzia.bg\\\/\",\"name\":\"agenzia.bg\",\"description\":\"\",\"potentialAction\":[{\"@type\":\"SearchAction\",\"target\":{\"@type\":\"EntryPoint\",\"urlTemplate\":\"https:\\\/\\\/agenzia.bg\\\/?s={search_term_string}\"},\"query-input\":{\"@type\":\"PropertyValueSpecification\",\"valueRequired\":true,\"valueName\":\"search_term_string\"}}],\"inLanguage\":\"fr-FR\"},{\"@type\":\"Person\",\"@id\":\"https:\\\/\\\/agenzia.bg\\\/#\\\/schema\\\/person\\\/1430dc9f14d9f07f3f4b3a7c2525abd7\",\"name\":\"Agenzia\",\"image\":{\"@type\":\"ImageObject\",\"inLanguage\":\"fr-FR\",\"@id\":\"https:\\\/\\\/secure.gravatar.com\\\/avatar\\\/fda8c8e8a20d859b0dee38bddcd69982b28128e29248b1c7c52bb246d509670c?s=96&d=mm&r=g\",\"url\":\"https:\\\/\\\/secure.gravatar.com\\\/avatar\\\/fda8c8e8a20d859b0dee38bddcd69982b28128e29248b1c7c52bb246d509670c?s=96&d=mm&r=g\",\"contentUrl\":\"https:\\\/\\\/secure.gravatar.com\\\/avatar\\\/fda8c8e8a20d859b0dee38bddcd69982b28128e29248b1c7c52bb246d509670c?s=96&d=mm&r=g\",\"caption\":\"Agenzia\"},\"sameAs\":[\"http:\\\/\\\/agenzia.bg\"],\"url\":\"https:\\\/\\\/agenzia.bg\\\/fr\\\/author\\\/agenzia\\\/\"}]}<\/script>\n<!-- \/ Yoast SEO Premium plugin. -->","yoast_head_json":{"title":"La g\u00e9n\u00e9ration Z modifie le march\u00e9 immobilier en Bulgarie - agenzia.bg","robots":{"index":"index","follow":"follow","max-snippet":"max-snippet:-1","max-image-preview":"max-image-preview:large","max-video-preview":"max-video-preview:-1"},"canonical":"https:\/\/agenzia.bg\/fr\/comment-gene-avec-promenq-pazara-sur-non-two-imoti\/","og_locale":"fr_FR","og_type":"article","og_title":"\u041a\u0430\u043a Gen Z \u043f\u0440\u043e\u043c\u0435\u043d\u044f \u043f\u0430\u0437\u0430\u0440\u0430 \u043d\u0430 \u043d\u0435\u0434\u0432\u0438\u0436\u0438\u043c\u0438 \u0438\u043c\u043e\u0442\u0438 \u0432 \u0411\u044a\u043b\u0433\u0430\u0440\u0438\u044f","og_description":"\u041f\u043e\u043a\u043e\u043b\u0435\u043d\u0438\u0435\u0442\u043e Gen Z, \u0440\u043e\u0434\u0435\u043d\u043e \u043f\u0440\u0438\u0431\u043b\u0438\u0437\u0438\u0442\u0435\u043b\u043d\u043e \u043c\u0435\u0436\u0434\u0443 1997 \u0438 2012 \u0433., \u043f\u043e\u0441\u0442\u0435\u043f\u0435\u043d\u043d\u043e \u0441\u0435 \u043f\u0440\u0435\u0432\u0440\u044a\u0449\u0430 \u0432\u044a\u0432 \u0432\u0441\u0435 \u043f\u043e-\u043e\u0441\u0435\u0437\u0430\u0435\u043c \u0444\u0430\u043a\u0442\u043e\u0440 \u043d\u0430 \u043f\u0430\u0437\u0430\u0440\u0430 \u043d\u0430 \u043d\u0435\u0434\u0432\u0438\u0436\u0438\u043c\u0438 \u0438\u043c\u043e\u0442\u0438. \u041c\u0430\u043a\u0430\u0440 \u043c\u043d\u043e\u0433\u043e \u043e\u0442 \u043f\u0440\u0435\u0434\u0441\u0442\u0430\u0432\u0438\u0442\u0435\u043b\u0438\u0442\u0435 \u043c\u0443 \u0432\u0441\u0435 \u043e\u0449\u0435 \u0434\u0430 \u0441\u0430 \u0432 \u0440\u0430\u043d\u043d\u0438\u0442\u0435 \u0435\u0442\u0430\u043f\u0438 \u043d\u0430 \u0441\u0432\u043e\u044f\u0442\u0430 \u0444\u0438\u043d\u0430\u043d\u0441\u043e\u0432\u0430 \u043d\u0435\u0437\u0430\u0432\u0438\u0441\u0438\u043c\u043e\u0441\u0442, \u0442\u0435\u0445\u043d\u0438\u0442\u0435 \u043f\u0440\u0435\u0434\u043f\u043e\u0447\u0438\u0442\u0430\u043d\u0438\u044f \u0432\u0435\u0447\u0435 \u0432\u043b\u0438\u044f\u044f\u0442 \u0432\u044a\u0440\u0445\u0443 \u0442\u043e\u0432\u0430 \u043a\u0430\u043a \u0441\u0435 \u0442\u044a\u0440\u0441\u044f\u0442, \u043f\u0440\u0435\u0434\u043b\u0430\u0433\u0430\u0442 \u0438 \u0432\u044a\u0437\u043f\u0440\u0438\u0435\u043c\u0430\u0442 \u0436\u0438\u043b\u0438\u0449\u0430\u0442\u0430 &#8211; \u043a\u0430\u043a\u0442\u043e \u0437\u0430 \u043d\u0430\u0435\u043c, \u0442\u0430\u043a\u0430 \u0438 \u0437\u0430 \u043f\u043e\u043a\u0443\u043f\u043a\u0430. \u0417\u0430 \u0440\u0430\u0437\u043b\u0438\u043a\u0430 \u043e\u0442 \u043f\u0440\u0435\u0434\u0438\u0448\u043d\u0438 \u043f\u043e\u043a\u043e\u043b\u0435\u043d\u0438\u044f, ...","og_url":"https:\/\/agenzia.bg\/fr\/comment-gene-avec-promenq-pazara-sur-non-two-imoti\/","og_site_name":"agenzia.bg","article_published_time":"2026-02-10T14:20:17+00:00","article_modified_time":"2026-02-24T21:29:31+00:00","og_image":[{"width":700,"height":350,"url":"https:\/\/agenzia.bg\/wp-content\/uploads\/2026\/02\/6410eb0c9aa2e6001956efcf.webp","type":"image\/webp"}],"author":"Agenzia","twitter_card":"summary_large_image","twitter_misc":{"\u00c9crit par":"Agenzia","Dur\u00e9e de lecture estim\u00e9e":"4 minutes"},"schema":{"@context":"https:\/\/schema.org","@graph":[{"@type":"Article","@id":"https:\/\/agenzia.bg\/kak-gen-z-promenq-pazara-na-nedvijimi-imoti\/#article","isPartOf":{"@id":"https:\/\/agenzia.bg\/kak-gen-z-promenq-pazara-na-nedvijimi-imoti\/"},"author":{"name":"Agenzia","@id":"https:\/\/agenzia.bg\/#\/schema\/person\/1430dc9f14d9f07f3f4b3a7c2525abd7"},"headline":"\u041a\u0430\u043a Gen Z \u043f\u0440\u043e\u043c\u0435\u043d\u044f \u043f\u0430\u0437\u0430\u0440\u0430 \u043d\u0430 \u043d\u0435\u0434\u0432\u0438\u0436\u0438\u043c\u0438 \u0438\u043c\u043e\u0442\u0438 \u0432 \u0411\u044a\u043b\u0433\u0430\u0440\u0438\u044f","datePublished":"2026-02-10T14:20:17+00:00","dateModified":"2026-02-24T21:29:31+00:00","mainEntityOfPage":{"@id":"https:\/\/agenzia.bg\/kak-gen-z-promenq-pazara-na-nedvijimi-imoti\/"},"wordCount":577,"commentCount":0,"image":{"@id":"https:\/\/agenzia.bg\/kak-gen-z-promenq-pazara-na-nedvijimi-imoti\/#primaryimage"},"thumbnailUrl":"https:\/\/agenzia.bg\/wp-content\/uploads\/2026\/02\/6410eb0c9aa2e6001956efcf.webp","keywords":["\u0438\u043c\u043e\u0442\u0438","\u041f\u043e\u043a\u043e\u043b\u0435\u043d\u0438\u0435","Gen Z","\u0412\u043b\u0438\u044f\u043d\u0438\u0435"],"articleSection":["\u0418\u043c\u043e\u0442\u0438"],"inLanguage":"fr-FR","potentialAction":[{"@type":"CommentAction","name":"Comment","target":["https:\/\/agenzia.bg\/kak-gen-z-promenq-pazara-na-nedvijimi-imoti\/#respond"]}]},{"@type":"WebPage","@id":"https:\/\/agenzia.bg\/kak-gen-z-promenq-pazara-na-nedvijimi-imoti\/","url":"https:\/\/agenzia.bg\/kak-gen-z-promenq-pazara-na-nedvijimi-imoti\/","name":"La g\u00e9n\u00e9ration Z modifie le march\u00e9 immobilier en Bulgarie - agenzia.bg","isPartOf":{"@id":"https:\/\/agenzia.bg\/#website"},"primaryImageOfPage":{"@id":"https:\/\/agenzia.bg\/kak-gen-z-promenq-pazara-na-nedvijimi-imoti\/#primaryimage"},"image":{"@id":"https:\/\/agenzia.bg\/kak-gen-z-promenq-pazara-na-nedvijimi-imoti\/#primaryimage"},"thumbnailUrl":"https:\/\/agenzia.bg\/wp-content\/uploads\/2026\/02\/6410eb0c9aa2e6001956efcf.webp","datePublished":"2026-02-10T14:20:17+00:00","dateModified":"2026-02-24T21:29:31+00:00","author":{"@id":"https:\/\/agenzia.bg\/#\/schema\/person\/1430dc9f14d9f07f3f4b3a7c2525abd7"},"breadcrumb":{"@id":"https:\/\/agenzia.bg\/kak-gen-z-promenq-pazara-na-nedvijimi-imoti\/#breadcrumb"},"inLanguage":"fr-FR","potentialAction":[{"@type":"ReadAction","target":["https:\/\/agenzia.bg\/kak-gen-z-promenq-pazara-na-nedvijimi-imoti\/"]}]},{"@type":"ImageObject","inLanguage":"fr-FR","@id":"https:\/\/agenzia.bg\/kak-gen-z-promenq-pazara-na-nedvijimi-imoti\/#primaryimage","url":"https:\/\/agenzia.bg\/wp-content\/uploads\/2026\/02\/6410eb0c9aa2e6001956efcf.webp","contentUrl":"https:\/\/agenzia.bg\/wp-content\/uploads\/2026\/02\/6410eb0c9aa2e6001956efcf.webp","width":700,"height":350,"caption":"Gen Z \u0438 \u0438\u043c\u043e\u0442\u043d\u0438\u044f \u043f\u0430\u0437\u0430\u0440"},{"@type":"BreadcrumbList","@id":"https:\/\/agenzia.bg\/kak-gen-z-promenq-pazara-na-nedvijimi-imoti\/#breadcrumb","itemListElement":[{"@type":"ListItem","position":1,"name":"Home","item":"https:\/\/agenzia.bg\/"},{"@type":"ListItem","position":2,"name":"\u041a\u0430\u043a Gen Z \u043f\u0440\u043e\u043c\u0435\u043d\u044f \u043f\u0430\u0437\u0430\u0440\u0430 \u043d\u0430 \u043d\u0435\u0434\u0432\u0438\u0436\u0438\u043c\u0438 \u0438\u043c\u043e\u0442\u0438 \u0432 \u0411\u044a\u043b\u0433\u0430\u0440\u0438\u044f"}]},{"@type":"WebSite","@id":"https:\/\/agenzia.bg\/#website","url":"https:\/\/agenzia.bg\/","name":"maroon-porpoise-135157.hostersite.com","description":"","potentialAction":[{"@type":"SearchAction","target":{"@type":"EntryPoint","urlTemplate":"https:\/\/agenzia.bg\/?s={search_term_string}"},"query-input":{"@type":"PropertyValueSpecification","valueRequired":true,"valueName":"search_term_string"}}],"inLanguage":"fr-FR"},{"@type":"Person","@id":"https:\/\/agenzia.bg\/#\/schema\/person\/1430dc9f14d9f07f3f4b3a7c2525abd7","name":"Agence","image":{"@type":"ImageObject","inLanguage":"fr-FR","@id":"https:\/\/secure.gravatar.com\/avatar\/fda8c8e8a20d859b0dee38bddcd69982b28128e29248b1c7c52bb246d509670c?s=96&d=mm&r=g","url":"https:\/\/secure.gravatar.com\/avatar\/fda8c8e8a20d859b0dee38bddcd69982b28128e29248b1c7c52bb246d509670c?s=96&d=mm&r=g","contentUrl":"https:\/\/secure.gravatar.com\/avatar\/fda8c8e8a20d859b0dee38bddcd69982b28128e29248b1c7c52bb246d509670c?s=96&d=mm&r=g","caption":"Agenzia"},"sameAs":["http:\/\/agenzia.bg"],"url":"https:\/\/agenzia.bg\/fr\/author\/agenzia\/"}]}},"_links":{"self":[{"href":"https:\/\/agenzia.bg\/fr\/wp-json\/wp\/v2\/posts\/26643","targetHints":{"allow":["GET"]}}],"collection":[{"href":"https:\/\/agenzia.bg\/fr\/wp-json\/wp\/v2\/posts"}],"about":[{"href":"https:\/\/agenzia.bg\/fr\/wp-json\/wp\/v2\/types\/post"}],"author":[{"embeddable":true,"href":"https:\/\/agenzia.bg\/fr\/wp-json\/wp\/v2\/users\/3"}],"replies":[{"embeddable":true,"href":"https:\/\/agenzia.bg\/fr\/wp-json\/wp\/v2\/comments?post=26643"}],"version-history":[{"count":0,"href":"https:\/\/agenzia.bg\/fr\/wp-json\/wp\/v2\/posts\/26643\/revisions"}],"wp:featuredmedia":[{"embeddable":true,"href":"https:\/\/agenzia.bg\/fr\/wp-json\/wp\/v2\/media\/26660"}],"wp:attachment":[{"href":"https:\/\/agenzia.bg\/fr\/wp-json\/wp\/v2\/media?parent=26643"}],"wp:term":[{"taxonomy":"category","embeddable":true,"href":"https:\/\/agenzia.bg\/fr\/wp-json\/wp\/v2\/categories?post=26643"},{"taxonomy":"post_tag","embeddable":true,"href":"https:\/\/agenzia.bg\/fr\/wp-json\/wp\/v2\/tags?post=26643"}],"curies":[{"name":"wp","href":"https:\/\/api.w.org\/{rel}","templated":true}]}}